{"id":18841,"date":"2023-09-10T14:31:08","date_gmt":"2023-09-10T14:31:08","guid":{"rendered":"https:\/\/sopenabarcelona.org\/actua-y-crea-esperanza\/"},"modified":"2023-09-10T14:31:08","modified_gmt":"2023-09-10T14:31:08","slug":"actua-y-crea-esperanza","status":"publish","type":"post","link":"https:\/\/sopenabarcelona.org\/es\/actua-y-crea-esperanza\/","title":{"rendered":"Act\u00faa y crea esperanza."},"content":{"rendered":"<h3>10 de septiembre, d\u00eda mundial para la PREVENCI\u00d3N DE LA CONDUCTA SUICIDA.<\/h3>\n<p>&nbsp;<\/p>\n<p>&nbsp;<\/p>\n<p>Desde 2003, la Asociaci\u00f3n Internacional por la Prevenci\u00f3n del Suicidio (IASP, por sus siglas en ingl\u00e9s) promueve, junto con la Organizaci\u00f3n Mundial de la Salud, la celebraci\u00f3n del D\u00eda Mundial para la Prevenci\u00f3n del Suicidio. Este a\u00f1o, se cierra la tem\u00e1tica de los \u00faltimos tres a\u00f1os que nos recuerda que todos podemos crear esperanza en nuestro entorno a trav\u00e9s de la acci\u00f3n y convertirnos en luz para quienes detectamos que puedan necesitarla \u201ccreate hope through action and be the light\u201d.<\/p>\n<p>A nivel mundial, el suicidio se cobra m\u00e1s de 700.000 vidas anuales (OMS, 2021). En Espa\u00f1a, los datos provisionales publicados por el Instituto Nacional de Estad\u00edstica indican que en 2022 fallecieron 4.097 personas, lo que implica una defunci\u00f3n cada aproximadamente dos horas. Esta cifra es un 2,3% m\u00e1s que en el a\u00f1o anterior y la convierte en una de las principales causas de muerte externas (INE, 2023); por encima del n\u00famero de muertes derivadas de accidentes de tr\u00e1fico. Si sumamos las tentativas no consumadas, nos da una imagen de la relevancia que tiene esta cuesti\u00f3n en nuestra sociedad. Sin embargo, no existe un plan de acci\u00f3n nacional para la prevenci\u00f3n de la conducta suicida (Sufrate-Sorzano et al., 2022).<\/p>\n<p>En el \u00e1mbito nacional contamos con entidades como la Plataforma Nacional para el Estudio la Prevenci\u00f3n del Suicidio, la Fundaci\u00f3n Espa\u00f1ola para la Prevenci\u00f3n del Suicidio o la Confederaci\u00f3n Salud Mental Espa\u00f1a con multitud de recursos para abordar esta cuesti\u00f3n desde distintos \u00e1mbitos y perspectivas. El Tel\u00e9fono de la Esperanza (717 00 37 17) ofrece atenci\u00f3n a situaciones de crisis.<br \/>\nAdem\u00e1s, el Ministerio de Sanidad promueve la L\u00ednea 024 de Atenci\u00f3n a la Conducta Suicida. Se trata de una l\u00ednea telef\u00f3nica de ayuda a las personas con pensamientos, ideaciones o riesgo de conducta suicida, ya sus familiares y afines, b\u00e1sicamente a trav\u00e9s de la contenci\u00f3n emocional por medio de la escucha activa por sus profesionales. Este servicio no pretende reemplazar ni ser alternativa a la consulta presencial con un profesional sanitario cuando sea necesaria.<\/p>\n<p>El suicidio puede afectar a cualquier persona y tiene un profundo impacto sobre las personas de alrededor. Sus factores de riesgo y sus causas son complejos. Hablar abiertamente en lugar de evitar enfrentarnos a esta cuesti\u00f3n es clave para su prevenci\u00f3n. Tambi\u00e9n el trato que se dan a estos<br \/>\nsucesos en los medios de comunicaci\u00f3n juega un papel importante.<\/p>\n<p>&nbsp;<\/p>\n<p>&nbsp;<\/p>\n<h4><img fetchpriority=\"high\" decoding=\"async\" class=\"aligncenter wp-image-16478 size-large\" src=\"https:\/\/sopenabarcelona.org\/wp-content\/uploads\/2023\/09\/pexels-jack-redgate-4099816-819x1024.jpg\" alt=\"\" width=\"819\" height=\"1024\" srcset=\"https:\/\/sopenabarcelona.org\/wp-content\/uploads\/2023\/09\/pexels-jack-redgate-4099816-819x1024.jpg 819w, https:\/\/sopenabarcelona.org\/wp-content\/uploads\/2023\/09\/pexels-jack-redgate-4099816-240x300.jpg 240w, https:\/\/sopenabarcelona.org\/wp-content\/uploads\/2023\/09\/pexels-jack-redgate-4099816-768x960.jpg 768w, https:\/\/sopenabarcelona.org\/wp-content\/uploads\/2023\/09\/pexels-jack-redgate-4099816-1229x1536.jpg 1229w, https:\/\/sopenabarcelona.org\/wp-content\/uploads\/2023\/09\/pexels-jack-redgate-4099816-1638x2048.jpg 1638w, https:\/\/sopenabarcelona.org\/wp-content\/uploads\/2023\/09\/pexels-jack-redgate-4099816-900x1125.jpg 900w, https:\/\/sopenabarcelona.org\/wp-content\/uploads\/2023\/09\/pexels-jack-redgate-4099816-1200x1500.jpg 1200w, https:\/\/sopenabarcelona.org\/wp-content\/uploads\/2023\/09\/pexels-jack-redgate-4099816-scaled.jpg 2048w\" sizes=\"(max-width: 819px) 100vw, 819px\" \/><\/h4>\n<h4><\/h4>\n<h4><\/h4>\n<h4>Prevenir las conductas suicidas<\/h4>\n<p>La prevenci\u00f3n del suicidio es el objetivo de esta jornada. Algunas de las sugerencias para ese d\u00eda son:<br \/>\n\u2022 Conocer los factores de riesgo, sus causas y se\u00f1ales de alerta.<br \/>\n\u2022 Concienciarnos sobre el tema y sensibilizar a otros.<br \/>\n\u2022 Prestar ayuda a quienes se encuentran en situaciones dif\u00edciles.<br \/>\n\u2022 Erradicar el estigma que va asociado al suicidio y los problemas de salud mental.<\/p>\n<p>&nbsp;<\/p>\n<p>Como parte de la comunidad educativa y la sociedad en general, no es necesario ser experto para poder colaborar en la prevenci\u00f3n de estas conductas en tu entorno. Estar alerta y tener unos conocimientos b\u00e1sicos sobre los factores de riesgo, las se\u00f1ales de alarma y saber c\u00f3mo actuar son claves.<\/p>\n<p>Entre los <strong>factores de riesgo<\/strong> , que act\u00faan acumulativamente aumentando la vulnerabilidad de las personas (Briongos et al., 2022), encontramos:<\/p>\n<ul>\n<li>Trastornos mentales. Son un factor posible, pero pueden ser otros.<\/li>\n<li>Variables psicol\u00f3gicas como la impulsividad, el pensamiento dicot\u00f3mico, la dificultad de resoluci\u00f3n de problemas, la desesperanza y la rigidez cognitiva.<\/li>\n<li>Intentos previos.<\/li>\n<li>Edad. La adolescencia y la edad avanzada son los momentos con mayor riesgo, no los \u00fanicos.<\/li>\n<li>Factores gen\u00e9ticos y biol\u00f3gicos, por ejemplo: bajos niveles de serotonina.<\/li>\n<li>Enfermedad o discapacidad.<\/li>\n<li>Historial familiar previo.<\/li>\n<li>Eventos vitales estresantes.<\/li>\n<li>Factores sociofamiliares y ambientales.<\/li>\n<li>Historial de maltrato.<\/li>\n<li>Historial de discriminaci\u00f3n.<\/li>\n<li>F\u00e1cil acceso a medios autolesivos.<\/li>\n<\/ul>\n<p>&nbsp;<\/p>\n<p>Las <strong>se\u00f1ales de alerta<\/strong> a las que debemos prestar atenci\u00f3n son:<\/p>\n<ul>\n<li>Comentarios muy negativos hacia s\u00ed mismo \u00abno valgo para nada\u00bb, \u00ablo m\u00edo no tiene soluci\u00f3n\u00bb, \u00abme gustar\u00eda desaparecer\u00bb, &#8230;<\/li>\n<li>Cambios en su conducta: tristeza, aislamiento, mayor irritabilidad&#8230;<\/li>\n<li>Patrones de ensue\u00f1o y alimentaci\u00f3n muy irregulares.<\/li>\n<li>Dejar de hacer las cosas que antes le gustaban.<\/li>\n<li>B\u00fasquedas peligrosas en Internet (pastillas, modos de autolesionarse).<\/li>\n<li>Bajada del rendimiento escolar.<\/li>\n<li>Conductas de cierre como despedirse, regalar objetos personales, cerrar redes sociales&#8230;<\/li>\n<\/ul>\n<p>&nbsp;<\/p>\n<p>A menudo, las reacciones naturales ante estas conductas son no creerlo, negarlo, evitarlo o interactuar como si nada hubiera pasado. Es importante evitar estas conductas y tener claro <strong>c\u00f3mo actuar<\/strong> :<\/p>\n<ul>\n<li>Muestra atenci\u00f3n a los cambios de conducta.<\/li>\n<li>Habla abiertamente y ofrece confianza.<\/li>\n<li>No juzgues ni critiques.<\/li>\n<li>P\u00eddele tiempo.<\/li>\n<li>An\u00edmale a pedir ayuda profesional.<\/li>\n<\/ul>\n<p>&nbsp;<\/p>\n<p><strong>Factores de protecci\u00f3n<\/strong><\/p>\n<p>La federaci\u00f3n Salud Mental CyL nos recuerda que los intentos de suicidio pueden verse influidos por una serie de factores que pueden suavizar, proteger y disminuir su riesgo. \u00c9stos se pueden clasificar en:<\/p>\n<ul>\n<li>Personales; como habilidades de comunicaci\u00f3n, de enfrentar y resolver los problemas, de relacionarse, de b\u00fasqueda de apoyo y consejo, de autoconfianza, deflexibilidad cognitiva y presencia de h\u00e1bitos saludables.<\/li>\n<li>Familiares; relacionados con el soporte y la cohesi\u00f3n familiar.<\/li>\n<li>Sociales o medioambientales; que supongan una red social de apoyo, soporte y consistencia.<\/li>\n<\/ul>\n<p>A lo largo de nuestra vida con el contacto con otros y las decisiones que tomamos vamos adquiriendo capacidades para manejar nuestras emociones, para gestionar los obst\u00e1culos que encontramos. As\u00ed vamos desarrollando una inteligencia emocional que engloba ciertas habilidades que nos ayudan a protegernos frente a los pensamientos negativos o depresivos.<\/p>\n<p>&nbsp;<\/p>\n<p>&nbsp;<\/p>\n<p>&nbsp;<\/p>\n<p>&nbsp;<\/p>\n<p><strong>Referencias Bibliogr\u00e1ficas:<\/strong><br \/>\nBriongos, N., G\u00f3mez, M., Caballero, R. y D\u00edez, J. (2022). Gu\u00eda de prevenci\u00f3n del suicidio. Protocolo de actuaci\u00f3n en conductas autol\u00edticas. Federaci\u00f3n Salud Castilla y Le\u00f3n.<br \/>\n<a href=\"https:\/\/consaludmental.org\/centro-documentacion\/guia-prevencion-suicidio-salud-mental-cyl\/\">https:\/\/consaludmental.org\/centro-documentacion\/guia-prevencion-suicidio-salud-mental-cyl\/<\/a><\/p>\n<p>Organizaci\u00f3n Mundial de la Salud (2021). Suicide worldwide in 2019: global health estimates.<br \/>\n<a href=\"https:\/\/www.who.int\/publications\/i\/item\/9789240026643\">https:\/\/www.who.int\/publications\/i\/item\/9789240026643<\/a><\/p>\n<p>Instituto Nacional de Estad\u00edstica (2023). Defunciones seg\u00fan la Causa de Muerte A\u00f1o 2022. Datos provisionales.  <a href=\"https:\/\/www.ine.es\/prensa\/edcm_2022.pdf\">https:\/\/www.ine.es\/prensa\/edcm_2022.pdf<\/a><\/p>\n<p>Sufrate-Sorzano, T., Jim\u00e9nez-Ram\u00f3n, E., Garrote-C\u00e1mara, ME, Gea-Caballero, V., Durante, A., J\u00faarez-Vela, R., y Santolalla-Arnedo, I. (2022). Health Plans for Suicide Prevention in Spain: En Descriptive Analysis of the Published Documents. Nursing reports (Pav\u00eda, Italy), 12(1), 77\u201389.<br \/>\n<a href=\"https:\/\/doi.org\/10.3390\/nursrep12010009\">https:\/\/doi.org\/10.3390\/nursrep12010009<\/a><\/p>\n","protected":false},"excerpt":{"rendered":"<p>10 de septiembre, d\u00eda mundial para la PREVENCI\u00d3N DE LA CONDUCTA SUICIDA. &nbsp; &nbsp; Desde 2003, la Asociaci\u00f3n Internacional por la Prevenci\u00f3n del Suicidio (IASP, por sus siglas en ingl\u00e9s) promueve, junto con la Organizaci\u00f3n Mundial de la Salud, la celebraci\u00f3n del D\u00eda Mundial para la Prevenci\u00f3n del Suicidio. Este a\u00f1o, se cierra la tem\u00e1tica&hellip;<\/p>\n","protected":false},"author":6,"featured_media":16477,"comment_status":"closed","ping_status":"open","sticky":false,"template":"","format":"standard","meta":{"footnotes":""},"categories":[182],"tags":[],"class_list":["post-18841","post","type-post","status-publish","format-standard","has-post-thumbnail","hentry","category-sociedad","category-182","description-off"],"yoast_head":"<!-- This site is optimized with the Yoast SEO plugin v27.4 - https:\/\/yoast.com\/product\/yoast-seo-wordpress\/ -->\n<title>Act\u00faa y crea esperanza. - Escola Sope\u00f1a Barcelona<\/title>\n<meta name=\"robots\" content=\"index, follow, max-snippet:-1, max-image-preview:large, max-video-preview:-1\" \/>\n<link rel=\"canonical\" href=\"https:\/\/sopenabarcelona.org\/es\/actua-y-crea-esperanza\/\" \/>\n<meta property=\"og:locale\" content=\"es_ES\" \/>\n<meta property=\"og:type\" content=\"article\" \/>\n<meta property=\"og:title\" content=\"Act\u00faa y crea esperanza. - Escola Sope\u00f1a Barcelona\" \/>\n<meta property=\"og:description\" content=\"10 de septiembre, d\u00eda mundial para la PREVENCI\u00d3N DE LA CONDUCTA SUICIDA. &nbsp; &nbsp; Desde 2003, la Asociaci\u00f3n Internacional por la Prevenci\u00f3n del Suicidio (IASP, por sus siglas en ingl\u00e9s) promueve, junto con la Organizaci\u00f3n Mundial de la Salud, la celebraci\u00f3n del D\u00eda Mundial para la Prevenci\u00f3n del Suicidio. Este a\u00f1o, se cierra la tem\u00e1tica&hellip;\" \/>\n<meta property=\"og:url\" content=\"https:\/\/sopenabarcelona.org\/es\/actua-y-crea-esperanza\/\" \/>\n<meta property=\"og:site_name\" content=\"Escola Sope\u00f1a Barcelona\" \/>\n<meta property=\"article:published_time\" content=\"2023-09-10T14:31:08+00:00\" \/>\n<meta property=\"og:image\" content=\"https:\/\/sopenabarcelona.org\/wp-content\/uploads\/2023\/09\/prevencio.webp\" \/>\n\t<meta property=\"og:image:width\" content=\"670\" \/>\n\t<meta property=\"og:image:height\" content=\"378\" \/>\n\t<meta property=\"og:image:type\" content=\"image\/webp\" \/>\n<meta name=\"author\" content=\"Jordi Hern\u00e1ndez\" \/>\n<meta name=\"twitter:card\" content=\"summary_large_image\" \/>\n<meta name=\"twitter:label1\" content=\"Escrito por\" \/>\n\t<meta name=\"twitter:data1\" content=\"Jordi Hern\u00e1ndez\" \/>\n\t<meta name=\"twitter:label2\" content=\"Tiempo de lectura\" \/>\n\t<meta name=\"twitter:data2\" content=\"5 minutos\" \/>\n<script type=\"application\/ld+json\" class=\"yoast-schema-graph\">{\"@context\":\"https:\\\/\\\/schema.org\",\"@graph\":[{\"@type\":\"Article\",\"@id\":\"https:\\\/\\\/sopenabarcelona.org\\\/es\\\/actua-y-crea-esperanza\\\/#article\",\"isPartOf\":{\"@id\":\"https:\\\/\\\/sopenabarcelona.org\\\/es\\\/actua-y-crea-esperanza\\\/\"},\"author\":{\"name\":\"Jordi Hern\u00e1ndez\",\"@id\":\"https:\\\/\\\/sopenabarcelona.org\\\/es\\\/#\\\/schema\\\/person\\\/1975f3ade6eb20a371de41b09ce91187\"},\"headline\":\"Act\u00faa y crea esperanza.\",\"datePublished\":\"2023-09-10T14:31:08+00:00\",\"mainEntityOfPage\":{\"@id\":\"https:\\\/\\\/sopenabarcelona.org\\\/es\\\/actua-y-crea-esperanza\\\/\"},\"wordCount\":1092,\"publisher\":{\"@id\":\"https:\\\/\\\/sopenabarcelona.org\\\/es\\\/#organization\"},\"image\":{\"@id\":\"https:\\\/\\\/sopenabarcelona.org\\\/es\\\/actua-y-crea-esperanza\\\/#primaryimage\"},\"thumbnailUrl\":\"https:\\\/\\\/sopenabarcelona.org\\\/wp-content\\\/uploads\\\/2023\\\/09\\\/prevencio.webp\",\"articleSection\":[\"Sociedad\"],\"inLanguage\":\"es\"},{\"@type\":\"WebPage\",\"@id\":\"https:\\\/\\\/sopenabarcelona.org\\\/es\\\/actua-y-crea-esperanza\\\/\",\"url\":\"https:\\\/\\\/sopenabarcelona.org\\\/es\\\/actua-y-crea-esperanza\\\/\",\"name\":\"Act\u00faa y crea esperanza. - Escola Sope\u00f1a Barcelona\",\"isPartOf\":{\"@id\":\"https:\\\/\\\/sopenabarcelona.org\\\/es\\\/#website\"},\"primaryImageOfPage\":{\"@id\":\"https:\\\/\\\/sopenabarcelona.org\\\/es\\\/actua-y-crea-esperanza\\\/#primaryimage\"},\"image\":{\"@id\":\"https:\\\/\\\/sopenabarcelona.org\\\/es\\\/actua-y-crea-esperanza\\\/#primaryimage\"},\"thumbnailUrl\":\"https:\\\/\\\/sopenabarcelona.org\\\/wp-content\\\/uploads\\\/2023\\\/09\\\/prevencio.webp\",\"datePublished\":\"2023-09-10T14:31:08+00:00\",\"breadcrumb\":{\"@id\":\"https:\\\/\\\/sopenabarcelona.org\\\/es\\\/actua-y-crea-esperanza\\\/#breadcrumb\"},\"inLanguage\":\"es\",\"potentialAction\":[{\"@type\":\"ReadAction\",\"target\":[\"https:\\\/\\\/sopenabarcelona.org\\\/es\\\/actua-y-crea-esperanza\\\/\"]}]},{\"@type\":\"ImageObject\",\"inLanguage\":\"es\",\"@id\":\"https:\\\/\\\/sopenabarcelona.org\\\/es\\\/actua-y-crea-esperanza\\\/#primaryimage\",\"url\":\"https:\\\/\\\/sopenabarcelona.org\\\/wp-content\\\/uploads\\\/2023\\\/09\\\/prevencio.webp\",\"contentUrl\":\"https:\\\/\\\/sopenabarcelona.org\\\/wp-content\\\/uploads\\\/2023\\\/09\\\/prevencio.webp\",\"width\":670,\"height\":378},{\"@type\":\"BreadcrumbList\",\"@id\":\"https:\\\/\\\/sopenabarcelona.org\\\/es\\\/actua-y-crea-esperanza\\\/#breadcrumb\",\"itemListElement\":[{\"@type\":\"ListItem\",\"position\":1,\"name\":\"Inici\",\"item\":\"https:\\\/\\\/sopenabarcelona.org\\\/es\\\/\"},{\"@type\":\"ListItem\",\"position\":2,\"name\":\"Act\u00faa y crea esperanza.\"}]},{\"@type\":\"WebSite\",\"@id\":\"https:\\\/\\\/sopenabarcelona.org\\\/es\\\/#website\",\"url\":\"https:\\\/\\\/sopenabarcelona.org\\\/es\\\/\",\"name\":\"Escola Sope\u00f1a Barcelona\",\"description\":\"Escola d&#039;ESO i Formaci\u00f3 Professional\",\"publisher\":{\"@id\":\"https:\\\/\\\/sopenabarcelona.org\\\/es\\\/#organization\"},\"potentialAction\":[{\"@type\":\"SearchAction\",\"target\":{\"@type\":\"EntryPoint\",\"urlTemplate\":\"https:\\\/\\\/sopenabarcelona.org\\\/es\\\/?s={search_term_string}\"},\"query-input\":{\"@type\":\"PropertyValueSpecification\",\"valueRequired\":true,\"valueName\":\"search_term_string\"}}],\"inLanguage\":\"es\"},{\"@type\":\"Organization\",\"@id\":\"https:\\\/\\\/sopenabarcelona.org\\\/es\\\/#organization\",\"name\":\"Escola Sope\u00f1a Barcelona\",\"url\":\"https:\\\/\\\/sopenabarcelona.org\\\/es\\\/\",\"logo\":{\"@type\":\"ImageObject\",\"inLanguage\":\"es\",\"@id\":\"https:\\\/\\\/sopenabarcelona.org\\\/es\\\/#\\\/schema\\\/logo\\\/image\\\/\",\"url\":\"https:\\\/\\\/sopenabarcelona.org\\\/wp-content\\\/uploads\\\/2022\\\/03\\\/Fundacio-Dolores-Sopena-1-1.png\",\"contentUrl\":\"https:\\\/\\\/sopenabarcelona.org\\\/wp-content\\\/uploads\\\/2022\\\/03\\\/Fundacio-Dolores-Sopena-1-1.png\",\"width\":250,\"height\":93,\"caption\":\"Escola Sope\u00f1a Barcelona\"},\"image\":{\"@id\":\"https:\\\/\\\/sopenabarcelona.org\\\/es\\\/#\\\/schema\\\/logo\\\/image\\\/\"}},{\"@type\":\"Person\",\"@id\":\"https:\\\/\\\/sopenabarcelona.org\\\/es\\\/#\\\/schema\\\/person\\\/1975f3ade6eb20a371de41b09ce91187\",\"name\":\"Jordi Hern\u00e1ndez\",\"image\":{\"@type\":\"ImageObject\",\"inLanguage\":\"es\",\"@id\":\"https:\\\/\\\/secure.gravatar.com\\\/avatar\\\/518b338b80eb342dfbb5a61dd1a77ad7328458d69833e7d0f3b742a07764f97a?s=96&d=mm&r=g\",\"url\":\"https:\\\/\\\/secure.gravatar.com\\\/avatar\\\/518b338b80eb342dfbb5a61dd1a77ad7328458d69833e7d0f3b742a07764f97a?s=96&d=mm&r=g\",\"contentUrl\":\"https:\\\/\\\/secure.gravatar.com\\\/avatar\\\/518b338b80eb342dfbb5a61dd1a77ad7328458d69833e7d0f3b742a07764f97a?s=96&d=mm&r=g\",\"caption\":\"Jordi Hern\u00e1ndez\"},\"url\":\"https:\\\/\\\/sopenabarcelona.org\\\/es\\\/author\\\/jhernandez\\\/\"}]}<\/script>\n<!-- \/ Yoast SEO plugin. -->","yoast_head_json":{"title":"Act\u00faa y crea esperanza. - Escola Sope\u00f1a Barcelona","robots":{"index":"index","follow":"follow","max-snippet":"max-snippet:-1","max-image-preview":"max-image-preview:large","max-video-preview":"max-video-preview:-1"},"canonical":"https:\/\/sopenabarcelona.org\/es\/actua-y-crea-esperanza\/","og_locale":"es_ES","og_type":"article","og_title":"Act\u00faa y crea esperanza. - Escola Sope\u00f1a Barcelona","og_description":"10 de septiembre, d\u00eda mundial para la PREVENCI\u00d3N DE LA CONDUCTA SUICIDA. &nbsp; &nbsp; Desde 2003, la Asociaci\u00f3n Internacional por la Prevenci\u00f3n del Suicidio (IASP, por sus siglas en ingl\u00e9s) promueve, junto con la Organizaci\u00f3n Mundial de la Salud, la celebraci\u00f3n del D\u00eda Mundial para la Prevenci\u00f3n del Suicidio. Este a\u00f1o, se cierra la tem\u00e1tica&hellip;","og_url":"https:\/\/sopenabarcelona.org\/es\/actua-y-crea-esperanza\/","og_site_name":"Escola Sope\u00f1a Barcelona","article_published_time":"2023-09-10T14:31:08+00:00","og_image":[{"width":670,"height":378,"url":"https:\/\/sopenabarcelona.org\/wp-content\/uploads\/2023\/09\/prevencio.webp","type":"image\/webp"}],"author":"Jordi Hern\u00e1ndez","twitter_card":"summary_large_image","twitter_misc":{"Escrito por":"Jordi Hern\u00e1ndez","Tiempo de lectura":"5 minutos"},"schema":{"@context":"https:\/\/schema.org","@graph":[{"@type":"Article","@id":"https:\/\/sopenabarcelona.org\/es\/actua-y-crea-esperanza\/#article","isPartOf":{"@id":"https:\/\/sopenabarcelona.org\/es\/actua-y-crea-esperanza\/"},"author":{"name":"Jordi Hern\u00e1ndez","@id":"https:\/\/sopenabarcelona.org\/es\/#\/schema\/person\/1975f3ade6eb20a371de41b09ce91187"},"headline":"Act\u00faa y crea esperanza.","datePublished":"2023-09-10T14:31:08+00:00","mainEntityOfPage":{"@id":"https:\/\/sopenabarcelona.org\/es\/actua-y-crea-esperanza\/"},"wordCount":1092,"publisher":{"@id":"https:\/\/sopenabarcelona.org\/es\/#organization"},"image":{"@id":"https:\/\/sopenabarcelona.org\/es\/actua-y-crea-esperanza\/#primaryimage"},"thumbnailUrl":"https:\/\/sopenabarcelona.org\/wp-content\/uploads\/2023\/09\/prevencio.webp","articleSection":["Sociedad"],"inLanguage":"es"},{"@type":"WebPage","@id":"https:\/\/sopenabarcelona.org\/es\/actua-y-crea-esperanza\/","url":"https:\/\/sopenabarcelona.org\/es\/actua-y-crea-esperanza\/","name":"Act\u00faa y crea esperanza. - Escola Sope\u00f1a Barcelona","isPartOf":{"@id":"https:\/\/sopenabarcelona.org\/es\/#website"},"primaryImageOfPage":{"@id":"https:\/\/sopenabarcelona.org\/es\/actua-y-crea-esperanza\/#primaryimage"},"image":{"@id":"https:\/\/sopenabarcelona.org\/es\/actua-y-crea-esperanza\/#primaryimage"},"thumbnailUrl":"https:\/\/sopenabarcelona.org\/wp-content\/uploads\/2023\/09\/prevencio.webp","datePublished":"2023-09-10T14:31:08+00:00","breadcrumb":{"@id":"https:\/\/sopenabarcelona.org\/es\/actua-y-crea-esperanza\/#breadcrumb"},"inLanguage":"es","potentialAction":[{"@type":"ReadAction","target":["https:\/\/sopenabarcelona.org\/es\/actua-y-crea-esperanza\/"]}]},{"@type":"ImageObject","inLanguage":"es","@id":"https:\/\/sopenabarcelona.org\/es\/actua-y-crea-esperanza\/#primaryimage","url":"https:\/\/sopenabarcelona.org\/wp-content\/uploads\/2023\/09\/prevencio.webp","contentUrl":"https:\/\/sopenabarcelona.org\/wp-content\/uploads\/2023\/09\/prevencio.webp","width":670,"height":378},{"@type":"BreadcrumbList","@id":"https:\/\/sopenabarcelona.org\/es\/actua-y-crea-esperanza\/#breadcrumb","itemListElement":[{"@type":"ListItem","position":1,"name":"Inici","item":"https:\/\/sopenabarcelona.org\/es\/"},{"@type":"ListItem","position":2,"name":"Act\u00faa y crea esperanza."}]},{"@type":"WebSite","@id":"https:\/\/sopenabarcelona.org\/es\/#website","url":"https:\/\/sopenabarcelona.org\/es\/","name":"Escola Sope\u00f1a Barcelona","description":"Escola d&#039;ESO i Formaci\u00f3 Professional","publisher":{"@id":"https:\/\/sopenabarcelona.org\/es\/#organization"},"potentialAction":[{"@type":"SearchAction","target":{"@type":"EntryPoint","urlTemplate":"https:\/\/sopenabarcelona.org\/es\/?s={search_term_string}"},"query-input":{"@type":"PropertyValueSpecification","valueRequired":true,"valueName":"search_term_string"}}],"inLanguage":"es"},{"@type":"Organization","@id":"https:\/\/sopenabarcelona.org\/es\/#organization","name":"Escola Sope\u00f1a Barcelona","url":"https:\/\/sopenabarcelona.org\/es\/","logo":{"@type":"ImageObject","inLanguage":"es","@id":"https:\/\/sopenabarcelona.org\/es\/#\/schema\/logo\/image\/","url":"https:\/\/sopenabarcelona.org\/wp-content\/uploads\/2022\/03\/Fundacio-Dolores-Sopena-1-1.png","contentUrl":"https:\/\/sopenabarcelona.org\/wp-content\/uploads\/2022\/03\/Fundacio-Dolores-Sopena-1-1.png","width":250,"height":93,"caption":"Escola Sope\u00f1a Barcelona"},"image":{"@id":"https:\/\/sopenabarcelona.org\/es\/#\/schema\/logo\/image\/"}},{"@type":"Person","@id":"https:\/\/sopenabarcelona.org\/es\/#\/schema\/person\/1975f3ade6eb20a371de41b09ce91187","name":"Jordi Hern\u00e1ndez","image":{"@type":"ImageObject","inLanguage":"es","@id":"https:\/\/secure.gravatar.com\/avatar\/518b338b80eb342dfbb5a61dd1a77ad7328458d69833e7d0f3b742a07764f97a?s=96&d=mm&r=g","url":"https:\/\/secure.gravatar.com\/avatar\/518b338b80eb342dfbb5a61dd1a77ad7328458d69833e7d0f3b742a07764f97a?s=96&d=mm&r=g","contentUrl":"https:\/\/secure.gravatar.com\/avatar\/518b338b80eb342dfbb5a61dd1a77ad7328458d69833e7d0f3b742a07764f97a?s=96&d=mm&r=g","caption":"Jordi Hern\u00e1ndez"},"url":"https:\/\/sopenabarcelona.org\/es\/author\/jhernandez\/"}]}},"_links":{"self":[{"href":"https:\/\/sopenabarcelona.org\/es\/wp-json\/wp\/v2\/posts\/18841","targetHints":{"allow":["GET"]}}],"collection":[{"href":"https:\/\/sopenabarcelona.org\/es\/wp-json\/wp\/v2\/posts"}],"about":[{"href":"https:\/\/sopenabarcelona.org\/es\/wp-json\/wp\/v2\/types\/post"}],"author":[{"embeddable":true,"href":"https:\/\/sopenabarcelona.org\/es\/wp-json\/wp\/v2\/users\/6"}],"replies":[{"embeddable":true,"href":"https:\/\/sopenabarcelona.org\/es\/wp-json\/wp\/v2\/comments?post=18841"}],"version-history":[{"count":0,"href":"https:\/\/sopenabarcelona.org\/es\/wp-json\/wp\/v2\/posts\/18841\/revisions"}],"wp:featuredmedia":[{"embeddable":true,"href":"https:\/\/sopenabarcelona.org\/es\/wp-json\/wp\/v2\/media\/16477"}],"wp:attachment":[{"href":"https:\/\/sopenabarcelona.org\/es\/wp-json\/wp\/v2\/media?parent=18841"}],"wp:term":[{"taxonomy":"category","embeddable":true,"href":"https:\/\/sopenabarcelona.org\/es\/wp-json\/wp\/v2\/categories?post=18841"},{"taxonomy":"post_tag","embeddable":true,"href":"https:\/\/sopenabarcelona.org\/es\/wp-json\/wp\/v2\/tags?post=18841"}],"curies":[{"name":"wp","href":"https:\/\/api.w.org\/{rel}","templated":true}]}}